{"id":1395,"date":"2021-10-05T05:55:55","date_gmt":"2021-10-05T05:55:55","guid":{"rendered":"https:\/\/www.ur-textiles.com\/corporate-social-responsibility-in-the-textile-industry\/"},"modified":"2021-10-05T05:55:55","modified_gmt":"2021-10-05T05:55:55","slug":"corporate-social-responsibility-in-the-textile-industry","status":"publish","type":"post","link":"https:\/\/ur-textiles.com\/fr\/corporate-social-responsibility-in-the-textile-industry\/","title":{"rendered":"Responsabilit\u00e9 sociale des entreprises dans l&#039;industrie textile"},"content":{"rendered":"<p>Le concept de responsabilit\u00e9 sociale est assez r\u00e9cent dans le monde des affaires. La prise de conscience \u00e0 ce sujet des organisations d&#039;entreprises augmente rapidement et les entreprises acceptent \u00e9galement ce concept. L&#039;industrie textile ne fait pas exception. Les entreprises de production et de n\u00e9goce de textiles prennent \u00e9galement conscience de leur responsabilit\u00e9 vis-\u00e0-vis de la soci\u00e9t\u00e9 et de l&#039;environnement. Cet article vise \u00e0 analyser le concept de celui-ci et les mani\u00e8res communes dont les entreprises textiles tentent de le r\u00e9aliser.<\/p>\n<p>Qu&#039;est-ce que la responsabilit\u00e9 sociale ?<\/p>\n<p>La responsabilit\u00e9 sociale est \u00ab l&#039;obligation pour une organisation de maximiser son impact positif et de minimiser son impact n\u00e9gatif sur la soci\u00e9t\u00e9 \u00bb. En d&#039;autres termes, c&#039;est \u00ab le concept selon lequel les entreprises devraient se pr\u00e9occuper activement du bien-\u00eatre de la soci\u00e9t\u00e9 dans son ensemble \u00bb. Le concept de celui-ci est applicable aux individus et aux gouvernements ainsi qu&#039;aux organisations. Ceci d&#039;une organisation est appel\u00e9 \u00ab responsabilit\u00e9 sociale d&#039;entreprise \u00bb. Celle-ci peut \u00eatre globalement divis\u00e9e en deux parties : la responsabilit\u00e9 humaine et la responsabilit\u00e9 environnementale.<\/p>\n<p>La responsabilit\u00e9 humaine renvoie \u00e0 celle de l&#039;organisation vis-\u00e0-vis des diff\u00e9rentes parties qui lui sont associ\u00e9es, appel\u00e9es \u00ab parties prenantes \u00bb dans le jargon des affaires. Ces parties comprennent les employ\u00e9s, les actionnaires, le gouvernement, les clients, les investisseurs, les fournisseurs, les concurrents et la soci\u00e9t\u00e9 dans son ensemble.<\/p>\n<p>La responsabilit\u00e9 environnementale fait r\u00e9f\u00e9rence \u00e0 la responsabilit\u00e9 de l&#039;organisation envers la protection de l&#039;environnement.<\/p>\n<p>Le concept de ceci soutient qu&#039;une organisation doit travailler de mani\u00e8re \u00e0 prot\u00e9ger les int\u00e9r\u00eats des parties prenantes ou, \u00e0 tout le moins, \u00e0 ne pas les affecter n\u00e9gativement. Il consid\u00e8re que l&#039;organisation doit travailler de mani\u00e8re \u00e9thique et travailler dans le meilleur int\u00e9r\u00eat des diff\u00e9rentes parties qui lui sont associ\u00e9es. Le domaine de la responsabilit\u00e9 sociale s&#039;\u00e9tend au-del\u00e0 des responsabilit\u00e9s l\u00e9gales d&#039;une organisation. Il est volontairement rempli par l&#039;organisation.<\/p>\n<p>Le concept d&#039;entreprise a \u00e9t\u00e9 critiqu\u00e9 par certains experts, qui estiment qu&#039;il s&#039;agit d&#039;une id\u00e9e cynique et \u00e9go\u00efste. Ils sont d&#039;avis que les entreprises n&#039;entreprennent des projets de protection sociale qu&#039;en raison de l&#039;augmentation de la r\u00e9putation qu&#039;elles obtiendraient gr\u00e2ce \u00e0 elles.<\/p>\n<p>Responsabilit\u00e9 sociale dans l&#039;industrie textile<\/p>\n<p>Comme les entreprises d&#039;autres industries, les entreprises textiles sont \u00e9galement conscientes de cela envers les diff\u00e9rentes parties qui leur sont associ\u00e9es et l&#039;environnement. Cependant, les fa\u00e7ons dont les diff\u00e9rentes organisations choisissent de remplir les leurs peuvent \u00eatre diff\u00e9rentes. Les mani\u00e8res dont une entreprise textile peut s&#039;acquitter de sa responsabilit\u00e9 envers diverses parties sont similaires \u00e0 celles des entreprises d&#039;autres industries, comme le montrent les points mentionn\u00e9s ci-dessous\u00a0:<\/p>","protected":false},"excerpt":{"rendered":"<p>The concept of social responsibility is a fairly recent one in the business world. Awareness about it of business organizations is rapidly on the rise and firms are also accepting this concept. The textile industry is no exception. Textile producing and trading firms are also realizing their responsibility towards the society and the environment. This [&hellip;]<\/p>","protected":false},"author":1,"featured_media":0,"comment_status":"open","ping_status":"open","sticky":false,"template":"","format":"standard","meta":{"site-sidebar-layout":"default","site-content-layout":"","ast-site-content-layout":"default","site-content-style":"default","site-sidebar-style":"default","ast-global-header-display":"","ast-banner-title-visibility":"","ast-main-header-display":"","ast-hfb-above-header-display":"","ast-hfb-below-header-display":"","ast-hfb-mobile-header-display":"","site-post-title":"","ast-breadcrumbs-content":"","ast-featured-img":"","footer-sml-layout":"","ast-disable-related-posts":"","theme-transparent-header-meta":"","adv-header-id-meta":"","stick-header-meta":"","header-above-stick-meta":"","header-main-stick-meta":"","header-below-stick-meta":"","astra-migrate-meta-layouts":"default","ast-page-background-enabled":"default","ast-page-background-meta":{"desktop":{"background-color":"","background-image":"","background-repeat":"repeat","background-position":"center center","background-size":"auto","background-attachment":"scroll","background-type":"","background-media":"","overlay-type":"","overlay-color":"","overlay-opacity":"","overlay-gradient":""},"tablet":{"background-color":"","background-image":"","background-repeat":"repeat","background-position":"center center","background-size":"auto","background-attachment":"scroll","background-type":"","background-media":"","overlay-type":"","overlay-color":"","overlay-opacity":"","overlay-gradient":""},"mobile":{"background-color":"","background-image":"","background-repeat":"repeat","background-position":"center center","background-size":"auto","background-attachment":"scroll","background-type":"","background-media":"","overlay-type":"","overlay-color":"","overlay-opacity":"","overlay-gradient":""}},"ast-content-background-meta":{"desktop":{"background-color":"var(--ast-global-color-5)","background-image":"","background-repeat":"repeat","background-position":"center center","background-size":"auto","background-attachment":"scroll","background-type":"","background-media":"","overlay-type":"","overlay-color":"","overlay-opacity":"","overlay-gradient":""},"tablet":{"background-color":"var(--ast-global-color-5)","background-image":"","background-repeat":"repeat","background-position":"center center","background-size":"auto","background-attachment":"scroll","background-type":"","background-media":"","overlay-type":"","overlay-color":"","overlay-opacity":"","overlay-gradient":""},"mobile":{"background-color":"var(--ast-global-color-5)","background-image":"","background-repeat":"repeat","background-position":"center center","background-size":"auto","background-attachment":"scroll","background-type":"","background-media":"","overlay-type":"","overlay-color":"","overlay-opacity":"","overlay-gradient":""}},"footnotes":""},"categories":[1],"tags":[],"class_list":["post-1395","post","type-post","status-publish","format-standard","hentry","category-uncategorized"],"_links":{"self":[{"href":"https:\/\/ur-textiles.com\/fr\/wp-json\/wp\/v2\/posts\/1395","targetHints":{"allow":["GET"]}}],"collection":[{"href":"https:\/\/ur-textiles.com\/fr\/wp-json\/wp\/v2\/posts"}],"about":[{"href":"https:\/\/ur-textiles.com\/fr\/wp-json\/wp\/v2\/types\/post"}],"author":[{"embeddable":true,"href":"https:\/\/ur-textiles.com\/fr\/wp-json\/wp\/v2\/users\/1"}],"replies":[{"embeddable":true,"href":"https:\/\/ur-textiles.com\/fr\/wp-json\/wp\/v2\/comments?post=1395"}],"version-history":[{"count":0,"href":"https:\/\/ur-textiles.com\/fr\/wp-json\/wp\/v2\/posts\/1395\/revisions"}],"wp:attachment":[{"href":"https:\/\/ur-textiles.com\/fr\/wp-json\/wp\/v2\/media?parent=1395"}],"wp:term":[{"taxonomy":"category","embeddable":true,"href":"https:\/\/ur-textiles.com\/fr\/wp-json\/wp\/v2\/categories?post=1395"},{"taxonomy":"post_tag","embeddable":true,"href":"https:\/\/ur-textiles.com\/fr\/wp-json\/wp\/v2\/tags?post=1395"}],"curies":[{"name":"wp","href":"https:\/\/api.w.org\/{rel}","templated":true}]}}