{"id":1531,"date":"2021-11-09T08:22:36","date_gmt":"2021-11-09T08:22:36","guid":{"rendered":"https:\/\/www.ur-textiles.com\/?p=1531"},"modified":"2022-03-24T06:42:07","modified_gmt":"2022-03-24T06:42:07","slug":"modal-fabric-news1","status":"publish","type":"post","link":"https:\/\/ur-textiles.com\/es\/modal-fabric-news1\/","title":{"rendered":"\u00bfCu\u00e1les son las ventajas y desventajas del tejido modal?"},"content":{"rendered":"<div data-elementor-type=\"wp-post\" data-elementor-id=\"1531\" class=\"elementor elementor-1531\" data-elementor-post-type=\"post\">\n\t\t\t\t\t\t<section class=\"elementor-section elementor-top-section elementor-element elementor-element-1f795f87 elementor-section-boxed elementor-section-height-default elementor-section-height-default\" data-id=\"1f795f87\" data-element_type=\"section\">\n\t\t\t\t\t\t<div class=\"elementor-container elementor-column-gap-default\">\n\t\t\t\t\t<div class=\"elementor-column elementor-col-100 elementor-top-column elementor-element elementor-element-596c1649\" data-id=\"596c1649\" data-element_type=\"column\">\n\t\t\t<div class=\"elementor-widget-wrap elementor-element-populated\">\n\t\t\t\t\t\t<div class=\"elementor-element elementor-element-fa6ce3a elementor-toc--minimized-on-tablet elementor-widget elementor-widget-table-of-contents\" data-id=\"fa6ce3a\" data-element_type=\"widget\" data-settings=\"{&quot;exclude_headings_by_selector&quot;:[],&quot;headings_by_tags&quot;:[&quot;h2&quot;,&quot;h3&quot;,&quot;h4&quot;,&quot;h5&quot;,&quot;h6&quot;],&quot;marker_view&quot;:&quot;numbers&quot;,&quot;no_headings_message&quot;:&quot;No se ha encontrado ning\\u00fan encabezado en esta p\\u00e1gina.&quot;,&quot;minimize_box&quot;:&quot;yes&quot;,&quot;minimized_on&quot;:&quot;tablet&quot;,&quot;hierarchical_view&quot;:&quot;yes&quot;,&quot;min_height&quot;:{&quot;unit&quot;:&quot;px&quot;,&quot;size&quot;:&quot;&quot;,&quot;sizes&quot;:[]},&quot;min_height_tablet&quot;:{&quot;unit&quot;:&quot;px&quot;,&quot;size&quot;:&quot;&quot;,&quot;sizes&quot;:[]},&quot;min_height_mobile&quot;:{&quot;unit&quot;:&quot;px&quot;,&quot;size&quot;:&quot;&quot;,&quot;sizes&quot;:[]}}\" data-widget_type=\"table-of-contents.default\">\n\t\t\t\t<div class=\"elementor-widget-container\">\n\t\t\t\t\t\t\t\t\t<div class=\"elementor-toc__header\">\n\t\t\t\t\t\t<h4 class=\"elementor-toc__header-title\">\n\t\t\t\tTabla de contenido\t\t\t<\/h4>\n\t\t\t\t\t\t\t\t\t\t<div class=\"elementor-toc__toggle-button elementor-toc__toggle-button--expand\" role=\"button\" tabindex=\"0\" aria-controls=\"elementor-toc__fa6ce3a\" aria-expanded=\"true\" aria-label=\"Abrir tabla de contenido\" data-no-translation-aria-label=\"\"><i aria-hidden=\"true\" class=\"fas fa-chevron-down\"><\/i><\/div>\n\t\t\t\t<div class=\"elementor-toc__toggle-button elementor-toc__toggle-button--collapse\" role=\"button\" tabindex=\"0\" aria-controls=\"elementor-toc__fa6ce3a\" aria-expanded=\"true\" aria-label=\"Cerrar tabla de contenidos\" data-no-translation-aria-label=\"\"><i aria-hidden=\"true\" class=\"fas fa-chevron-up\"><\/i><\/div>\n\t\t\t\t\t<\/div>\n\t\t\t\t<div id=\"elementor-toc__fa6ce3a\" class=\"elementor-toc__body\">\n\t\t\t<div class=\"elementor-toc__spinner-container\">\n\t\t\t\t<i class=\"elementor-toc__spinner eicon-animation-spin eicon-loading\" aria-hidden=\"true\"><\/i>\t\t\t<\/div>\n\t\t<\/div>\n\t\t\t\t\t\t<\/div>\n\t\t\t\t<\/div>\n\t\t\t\t<div class=\"elementor-element elementor-element-f5dda72 elementor-widget elementor-widget-text-editor\" data-id=\"f5dda72\" data-element_type=\"widget\" data-widget_type=\"text-editor.default\">\n\t\t\t\t<div class=\"elementor-widget-container\">\n\t\t\t\t\t\t\t\t\t\n<p>Modal tambi\u00e9n se llama <a href=\"https:\/\/ur-textiles.com\/es\/\" target=\"_blank\" rel=\"noreferrer noopener\">tejido modal<\/a>, y su nombre en ingl\u00e9s es modal. La materia prima de la tela modal est\u00e1 hecha de haya europea a trav\u00e9s de golpes e hilados.<\/p>\n\n\n\n<p>La materia prima es 100% natural, inofensiva para el cuerpo humano, descomposici\u00f3n natural e inofensiva para el medio ambiente.<\/p>\n\n\n\n<p>La tela despu\u00e9s de mezclar y entretejer con algod\u00f3n y poli\u00e9ster tiene un brillo similar a la seda, buena capacidad de drapeado, tacto suave y terso, excelente estabilidad dimensional y durabilidad.<\/p>\n\n\n\n<p>Los tejidos modales se utilizan ampliamente en abrigos, ropa interior, ropa deportiva y productos textiles para el hogar para mujeres.<\/p>\n\n\n\n<h3 class=\"wp-block-heading\"><strong>Ventajas del tejido modal<\/strong><strong><\/strong><\/h3>\n\n\n\n<p>1. La materia prima de la tela modal proviene de madera natural y puede degradarse naturalmente despu\u00e9s de su uso.<\/p>\n\n\n\n<p>2. La fibra modal es suave, lisa y brillante, con un color brillante. La tela se siente particularmente suave, la superficie de la tela tiene un brillo brillante y la capacidad de drapeado es mejor que el algod\u00f3n, el poli\u00e9ster y el ray\u00f3n existentes.<\/p>\n\n\n\n<p>Tiene brillo y tacto de seda. Es un tejido mercerizado natural.<\/p>\n\n\n\n<p>3. La tela modal tiene la fuerza y dureza de la fibra sint\u00e9tica, con resistencia en seco de 35.6cn y resistencia en h\u00famedo de 25.6cn.<\/p>\n\n\n\n<p>La resistencia es mayor que la del algod\u00f3n puro y el algod\u00f3n poli\u00e9ster, lo que reduce el fen\u00f3meno de rotura en el procesamiento.<\/p>\n\n\n\n<p>4. La capacidad de absorci\u00f3n de humedad de la tela modal es 50% m\u00e1s alta que la de la fibra de algod\u00f3n, lo que hace que la tela de fibra modal sea seca y transpirable.<br>Es un tejido ideal para tejidos y ropa de cama ajustados, que favorece el ciclo fisiol\u00f3gico y la salud humana.<\/p>\n\n\n\n<p>5. En comparaci\u00f3n con la fibra de algod\u00f3n, la tela modal tiene buena forma y estabilidad dimensional, por lo que la tela tiene una resistencia natural a las arrugas y no se plancha, lo que la hace m\u00e1s conveniente y natural de usar.<\/p>\n\n\n\n<p>6. La fibra modal tiene un buen rendimiento de te\u00f1ido y permanece brillante como nueva despu\u00e9s de lavados repetidos, con una absorci\u00f3n completa de la humedad y una buena solidez del color.<br><br>En comparaci\u00f3n con el algod\u00f3n puro, es m\u00e1s c\u00f3modo de usar, sin las desventajas de la decoloraci\u00f3n y el amarilleamiento de la ropa de algod\u00f3n puro.<br>Por lo tanto, la tela tiene colores brillantes y un rendimiento de uso estable. <\/p>\n\n\n\n<p>Despu\u00e9s de 25 lavados con tela de algod\u00f3n, la sensaci\u00f3n de la mano ser\u00e1 cada vez m\u00e1s dura. Por el contrario, los tejidos de fibra modal son m\u00e1s suaves y brillantes cuando se lavan.<\/p>\n\n\n\n<div class=\"wp-block-image\"><figure class=\"aligncenter size-large\"><img fetchpriority=\"high\" decoding=\"async\" width=\"1024\" height=\"361\" src=\"https:\/\/ur-textiles.com\/wp-content\/uploads\/2021\/07\/ekaterina-grosheva-1-scaled-e1627547781108-1024x361.jpg\" alt=\"modal fabric\" class=\"wp-image-132\" title=\"\" srcset=\"https:\/\/ur-textiles.com\/wp-content\/uploads\/2021\/07\/ekaterina-grosheva-1-scaled-e1627547781108-1024x361.jpg 1024w, https:\/\/ur-textiles.com\/wp-content\/uploads\/2021\/07\/ekaterina-grosheva-1-scaled-e1627547781108-600x211.jpg 600w, https:\/\/ur-textiles.com\/wp-content\/uploads\/2021\/07\/ekaterina-grosheva-1-scaled-e1627547781108-300x106.jpg 300w, https:\/\/ur-textiles.com\/wp-content\/uploads\/2021\/07\/ekaterina-grosheva-1-scaled-e1627547781108-768x271.jpg 768w, https:\/\/ur-textiles.com\/wp-content\/uploads\/2021\/07\/ekaterina-grosheva-1-scaled-e1627547781108-1536x541.jpg 1536w, https:\/\/ur-textiles.com\/wp-content\/uploads\/2021\/07\/ekaterina-grosheva-1-scaled-e1627547781108-2048x722.jpg 2048w\" sizes=\"(max-width: 1024px) 100vw, 1024px\" \/><\/figure><\/div>\n\n\n\n<h3 class=\"wp-block-heading\">Desventajas del tejido modal<\/h3>\n\n\n\n<p>La tela Mordai es casi perfecta. La \u00fanica desventaja es su escasa extensibilidad.<br><br>Aunque el tejido mordai no tiene sustancias nocivas, no es adecuado para algunas constituciones al\u00e9rgicas porque est\u00e1 procesado por fibra qu\u00edmica.<\/p>\n\n\n\n<h3 class=\"wp-block-heading\"><strong>M\u00e9todo de lavado de tejido modal<\/strong><strong><\/strong><\/h3>\n\n\n\n<p>Las telas modales tambi\u00e9n tienen cierto sentido com\u00fan en el lavado. Por ejemplo, esta tela mezclada no es adecuada para la limpieza en seco.<br>Solo es apto para limpiarlo con agua. La temperatura de planchado del modal se puede controlar a aproximadamente 120 ~ 140 \u2103.<\/p>\n\n\n\n<p>A continuaci\u00f3n se explica c\u00f3mo lavar las telas modales:<\/p>\n\n\n\n<p>1. La tela modal es adecuada para el lavado con agua y no para la limpieza en seco. Debe empaparse con lavado.<br>El tiempo de remojo no debe exceder los 15 minutos, de lo contrario, la suciedad en la soluci\u00f3n de lavado es f\u00e1cil de volver a sumergir.<\/p>\n\n\n\n<p>2. Las telas modales se pueden lavar a m\u00e1quina y la temperatura del agua no debe ser demasiado alta. Se recomienda elegir lavarse las manos.<\/p>\n\n\n\n<p>3. La fibra de la tela modal es corta y la tela se endurecer\u00e1 ligeramente en caso de agua. Intenta lavarlo suavemente a mano para evitar una fricci\u00f3n excesiva.<br><br>4. Es mejor usar detergente neutro o detergente bajo en \u00e1lcali al lavar, y no use suavizante de ropa.<br><br>5. Despu\u00e9s de lavar con el l\u00edquido de lavado, l\u00e1velo con agua limpia para evitar el l\u00edquido de lavado residual en la ropa de cama, lo que resulta en la decoloraci\u00f3n y amarilleamiento de la ropa de cama.<br><br>6. Al drenar despu\u00e9s del lavado, la ropa de cama debe apilarse para exprimir el agua. No gire para evitar una deformaci\u00f3n excesiva.<\/p>\n\t\t\t\t\t\t\t\t<\/div>\n\t\t\t\t<\/div>\n\t\t\t\t\t<\/div>\n\t\t<\/div>\n\t\t\t\t\t<\/div>\n\t\t<\/section>\n\t\t\t\t<\/div>","protected":false},"excerpt":{"rendered":"<p>Table of Contents Modal is also called modal fabric, and its English name is modal. The raw material of modal fabric is made of European beech through beating and spinning. The raw material is 100% natural, harmless to human body, natural decomposition and harmless to the environment. The fabric after blending and interweaving with cotton [&hellip;]<\/p>","protected":false},"author":2,"featured_media":0,"comment_status":"open","ping_status":"open","sticky":false,"template":"","format":"standard","meta":{"site-sidebar-layout":"default","site-content-layout":"default","ast-site-content-layout":"default","site-content-style":"default","site-sidebar-style":"default","ast-global-header-display":"","ast-banner-title-visibility":"","ast-main-header-display":"","ast-hfb-above-header-display":"","ast-hfb-below-header-display":"","ast-hfb-mobile-header-display":"","site-post-title":"","ast-breadcrumbs-content":"","ast-featured-img":"","footer-sml-layout":"","ast-disable-related-posts":"","theme-transparent-header-meta":"default","adv-header-id-meta":"","stick-header-meta":"","header-above-stick-meta":"","header-main-stick-meta":"","header-below-stick-meta":"","astra-migrate-meta-layouts":"default","ast-page-background-enabled":"default","ast-page-background-meta":{"desktop":{"background-color":"","background-image":"","background-repeat":"repeat","background-position":"center center","background-size":"auto","background-attachment":"scroll","background-type":"","background-media":"","overlay-type":"","overlay-color":"","overlay-opacity":"","overlay-gradient":""},"tablet":{"background-color":"","background-image":"","background-repeat":"repeat","background-position":"center center","background-size":"auto","background-attachment":"scroll","background-type":"","background-media":"","overlay-type":"","overlay-color":"","overlay-opacity":"","overlay-gradient":""},"mobile":{"background-color":"","background-image":"","background-repeat":"repeat","background-position":"center center","background-size":"auto","background-attachment":"scroll","background-type":"","background-media":"","overlay-type":"","overlay-color":"","overlay-opacity":"","overlay-gradient":""}},"ast-content-background-meta":{"desktop":{"background-color":"var(--ast-global-color-5)","background-image":"","background-repeat":"repeat","background-position":"center center","background-size":"auto","background-attachment":"scroll","background-type":"","background-media":"","overlay-type":"","overlay-color":"","overlay-opacity":"","overlay-gradient":""},"tablet":{"background-color":"var(--ast-global-color-5)","background-image":"","background-repeat":"repeat","background-position":"center center","background-size":"auto","background-attachment":"scroll","background-type":"","background-media":"","overlay-type":"","overlay-color":"","overlay-opacity":"","overlay-gradient":""},"mobile":{"background-color":"var(--ast-global-color-5)","background-image":"","background-repeat":"repeat","background-position":"center center","background-size":"auto","background-attachment":"scroll","background-type":"","background-media":"","overlay-type":"","overlay-color":"","overlay-opacity":"","overlay-gradient":""}},"footnotes":""},"categories":[1],"tags":[62],"class_list":["post-1531","post","type-post","status-publish","format-standard","hentry","category-uncategorized","tag-modal-fabric"],"_links":{"self":[{"href":"https:\/\/ur-textiles.com\/es\/wp-json\/wp\/v2\/posts\/1531","targetHints":{"allow":["GET"]}}],"collection":[{"href":"https:\/\/ur-textiles.com\/es\/wp-json\/wp\/v2\/posts"}],"about":[{"href":"https:\/\/ur-textiles.com\/es\/wp-json\/wp\/v2\/types\/post"}],"author":[{"embeddable":true,"href":"https:\/\/ur-textiles.com\/es\/wp-json\/wp\/v2\/users\/2"}],"replies":[{"embeddable":true,"href":"https:\/\/ur-textiles.com\/es\/wp-json\/wp\/v2\/comments?post=1531"}],"version-history":[{"count":4,"href":"https:\/\/ur-textiles.com\/es\/wp-json\/wp\/v2\/posts\/1531\/revisions"}],"predecessor-version":[{"id":1535,"href":"https:\/\/ur-textiles.com\/es\/wp-json\/wp\/v2\/posts\/1531\/revisions\/1535"}],"wp:attachment":[{"href":"https:\/\/ur-textiles.com\/es\/wp-json\/wp\/v2\/media?parent=1531"}],"wp:term":[{"taxonomy":"category","embeddable":true,"href":"https:\/\/ur-textiles.com\/es\/wp-json\/wp\/v2\/categories?post=1531"},{"taxonomy":"post_tag","embeddable":true,"href":"https:\/\/ur-textiles.com\/es\/wp-json\/wp\/v2\/tags?post=1531"}],"curies":[{"name":"wp","href":"https:\/\/api.w.org\/{rel}","templated":true}]}}